{"id":1380,"date":"2022-03-28T14:39:56","date_gmt":"2022-03-28T14:39:56","guid":{"rendered":"https:\/\/conjunto-de-saberes.pt\/?p=1380"},"modified":"2022-06-22T15:44:10","modified_gmt":"2022-06-22T15:44:10","slug":"facilite-as-limpezas-de-primavera","status":"publish","type":"post","link":"https:\/\/conjunto-de-saberes.pt\/index.php\/2022\/03\/28\/facilite-as-limpezas-de-primavera\/","title":{"rendered":"<h2 id=\"titulo\">Facilite as limpezas de primavera<\/h2>"},"content":{"rendered":"\t\t<div data-elementor-type=\"wp-post\" data-elementor-id=\"1380\" class=\"elementor elementor-1380\" data-elementor-post-type=\"post\">\n\t\t\t\t\t\t<section class=\"elementor-section elementor-top-section elementor-element elementor-element-15900c7 elementor-section-boxed elementor-section-height-default elementor-section-height-default\" data-id=\"15900c7\" data-element_type=\"section\">\n\t\t\t\t\t\t<div class=\"elementor-container elementor-column-gap-default\">\n\t\t\t\t\t<div class=\"elementor-column elementor-col-100 elementor-top-column elementor-element elementor-element-9078ee9\" data-id=\"9078ee9\" data-element_type=\"column\">\n\t\t\t<div class=\"elementor-widget-wrap elementor-element-populated\">\n\t\t\t\t\t\t<section class=\"elementor-section elementor-inner-section elementor-element elementor-element-8a478c1 elementor-section-boxed elementor-section-height-default elementor-section-height-default\" data-id=\"8a478c1\" data-element_type=\"section\">\n\t\t\t\t\t\t<div class=\"elementor-container elementor-column-gap-default\">\n\t\t\t\t\t<div class=\"elementor-column elementor-col-100 elementor-inner-column elementor-element elementor-element-a8972f6\" data-id=\"a8972f6\" data-element_type=\"column\">\n\t\t\t<div class=\"elementor-widget-wrap elementor-element-populated\">\n\t\t\t\t\t\t<div class=\"elementor-element elementor-element-e7bd6fe elementor-widget elementor-widget-text-editor\" data-id=\"e7bd6fe\" data-element_type=\"widget\" data-widget_type=\"text-editor.default\">\n\t\t\t\t<div class=\"elementor-widget-container\">\n\t\t\t\t\t\t\t<p class=\"MsoNormal\" style=\"text-align: justify;\">A primeira dica seria sempre <b>n\u00e3o deixar tudo para a primavera<\/b> e ir adiantando o que \u00e9 poss\u00edvel no inverno, mas a verdade \u00e9 que o inverno j\u00e1 passou e as limpezas continuam por fazer. Ent\u00e3o vamos a isso!<\/p><p>\u00a0<\/p><p class=\"MsoNormal\" style=\"text-align: justify;\"><b>Comece por planear.<\/b> \u00c9 normal sentir-se assoberbado e n\u00e3o saber por onde come\u00e7ar. Trace um plano, mas n\u00e3o seja demasiado minucioso ou \u00e0s tantas passa mais tempo a planear de que a limpar e \u00e9 preciso p\u00f4r m\u00e3os \u00e0 obra.<\/p><p class=\"MsoNormal\" style=\"text-align: justify;\"><span style=\"font-size: 11.0pt; line-height: 106%; font-family: 'Calibri',sans-serif; mso-ascii-theme-font: minor-latin; mso-fareast-font-family: Calibri; mso-fareast-theme-font: minor-latin; mso-hansi-theme-font: minor-latin; mso-bidi-font-family: 'Times New Roman'; mso-bidi-theme-font: minor-bidi; mso-ansi-language: PT; mso-fareast-language: EN-US; mso-bidi-language: AR-SA;\">Defina tudo o que vai limpar e por onde vai come\u00e7ar. Quando j\u00e1 souber por onde come\u00e7ar e onde vai acabar, j\u00e1 pode fazer a lista de compras e comprar tudo o que precisa.<\/span><\/p><p>\u00a0<\/p><p><b>V\u00e1 passo a passo.<\/b>\u00a0Lembre-se que n\u00e3o precisa fazer tudo no mesmo dia.<\/p><p>Limpe uma divis\u00e3o de casa vez, pois se quiser limpar tudo de uma vez corre o risco de ver a sua casa &#8220;de pernas para o ar&#8221; o que pode ser desencorajador.<\/p>\t\t\t\t\t\t<\/div>\n\t\t\t\t<\/div>\n\t\t\t\t\t<\/div>\n\t\t<\/div>\n\t\t\t\t\t<\/div>\n\t\t<\/section>\n\t\t\t\t<section class=\"elementor-section elementor-inner-section elementor-element elementor-element-5e41eaa elementor-section-boxed elementor-section-height-default elementor-section-height-default\" data-id=\"5e41eaa\" data-element_type=\"section\">\n\t\t\t\t\t\t<div class=\"elementor-container elementor-column-gap-default\">\n\t\t\t\t\t<div class=\"elementor-column elementor-col-50 elementor-inner-column elementor-element elementor-element-c9c735c\" data-id=\"c9c735c\" data-element_type=\"column\">\n\t\t\t<div class=\"elementor-widget-wrap elementor-element-populated\">\n\t\t\t\t\t\t<div class=\"elementor-element elementor-element-871219f elementor-widget elementor-widget-text-editor\" data-id=\"871219f\" data-element_type=\"widget\" data-widget_type=\"text-editor.default\">\n\t\t\t\t<div class=\"elementor-widget-container\">\n\t\t\t\t\t\t\t<p style=\"text-align: justify;\"><strong>Ponha o inverno na gaveta.<\/strong> Existem coisas que s\u00f3 utilizamos no inverno, ou pelo menos n\u00e3o precisamos tanto delas no tempo mais quente.<\/p><p style=\"text-align: justify;\">Cobertores, tapetes, carpetes e roupa de inverno podem agora ser guardados e substitu\u00eddos pela roupa mais pr\u00f3pria para tempo quente.<\/p>\t\t\t\t\t\t<\/div>\n\t\t\t\t<\/div>\n\t\t\t\t\t<\/div>\n\t\t<\/div>\n\t\t\t\t<div class=\"elementor-column elementor-col-50 elementor-inner-column elementor-element elementor-element-70f8566\" data-id=\"70f8566\" data-element_type=\"column\">\n\t\t\t<div class=\"elementor-widget-wrap elementor-element-populated\">\n\t\t\t\t\t\t<div class=\"elementor-element elementor-element-b43d941 elementor-widget elementor-widget-image\" data-id=\"b43d941\" data-element_type=\"widget\" data-widget_type=\"image.default\">\n\t\t\t\t<div class=\"elementor-widget-container\">\n\t\t\t\t\t\t\t\t\t\t\t\t\t<img fetchpriority=\"high\" decoding=\"async\" width=\"750\" height=\"500\" src=\"https:\/\/conjunto-de-saberes.pt\/wp-content\/uploads\/2022\/03\/waist-up-of-moving-house-couple-2021-08-27-09-29-44-utc-1024x683.jpg\" class=\"attachment-large size-large wp-image-1383\" alt=\"Arruma\u00e7\u00e3o primavera\" srcset=\"https:\/\/conjunto-de-saberes.pt\/wp-content\/uploads\/2022\/03\/waist-up-of-moving-house-couple-2021-08-27-09-29-44-utc-1024x683.jpg 1024w, https:\/\/conjunto-de-saberes.pt\/wp-content\/uploads\/2022\/03\/waist-up-of-moving-house-couple-2021-08-27-09-29-44-utc-scaled-e1655133760745-300x201.jpg 300w, https:\/\/conjunto-de-saberes.pt\/wp-content\/uploads\/2022\/03\/waist-up-of-moving-house-couple-2021-08-27-09-29-44-utc-768x513.jpg 768w, https:\/\/conjunto-de-saberes.pt\/wp-content\/uploads\/2022\/03\/waist-up-of-moving-house-couple-2021-08-27-09-29-44-utc-1536x1025.jpg 1536w, https:\/\/conjunto-de-saberes.pt\/wp-content\/uploads\/2022\/03\/waist-up-of-moving-house-couple-2021-08-27-09-29-44-utc-2048x1367.jpg 2048w, https:\/\/conjunto-de-saberes.pt\/wp-content\/uploads\/2022\/03\/waist-up-of-moving-house-couple-2021-08-27-09-29-44-utc-1568x1046.jpg 1568w, https:\/\/conjunto-de-saberes.pt\/wp-content\/uploads\/2022\/03\/waist-up-of-moving-house-couple-2021-08-27-09-29-44-utc-scaled-e1655133760745-174x116.jpg 174w, https:\/\/conjunto-de-saberes.pt\/wp-content\/uploads\/2022\/03\/waist-up-of-moving-house-couple-2021-08-27-09-29-44-utc-scaled-e1655133760745.jpg 600w\" sizes=\"(max-width: 750px) 100vw, 750px\" style=\"width:100%;height:66.83%;max-width:600px\" \/>\t\t\t\t\t\t\t\t\t\t\t\t\t<\/div>\n\t\t\t\t<\/div>\n\t\t\t\t\t<\/div>\n\t\t<\/div>\n\t\t\t\t\t<\/div>\n\t\t<\/section>\n\t\t\t\t<section class=\"elementor-section elementor-inner-section elementor-element elementor-element-e61845a elementor-section-boxed elementor-section-height-default elementor-section-height-default\" data-id=\"e61845a\" data-element_type=\"section\">\n\t\t\t\t\t\t<div class=\"elementor-container elementor-column-gap-default\">\n\t\t\t\t\t<div class=\"elementor-column elementor-col-100 elementor-inner-column elementor-element elementor-element-2e1e4b6\" data-id=\"2e1e4b6\" data-element_type=\"column\">\n\t\t\t<div class=\"elementor-widget-wrap elementor-element-populated\">\n\t\t\t\t\t\t<div class=\"elementor-element elementor-element-9f7b160 elementor-widget elementor-widget-text-editor\" data-id=\"9f7b160\" data-element_type=\"widget\" data-widget_type=\"text-editor.default\">\n\t\t\t\t<div class=\"elementor-widget-container\">\n\t\t\t\t\t\t\t<p>Contudo \u00e9 importante que tanto a roupa de cama com as carpetes e cortinados sejam lavados antes de serem guardadas para que n\u00e3o guardem com eles maus odores.<\/p>\t\t\t\t\t\t<\/div>\n\t\t\t\t<\/div>\n\t\t\t\t<div class=\"elementor-element elementor-element-06ec6a4 elementor-widget elementor-widget-text-editor\" data-id=\"06ec6a4\" data-element_type=\"widget\" data-widget_type=\"text-editor.default\">\n\t\t\t\t<div class=\"elementor-widget-container\">\n\t\t\t\t\t\t\t<p class=\"MsoNormal\" style=\"text-align: justify;\"><b>Crie novo espa\u00e7o.<\/b> Aproveite para se livrar das coisas que j\u00e1 n\u00e3o usa como roupas ou pijamas velhos que j\u00e1 cumpriram a sua fun\u00e7\u00e3o. Outras coisas a que pode querer dar um novo destino s\u00e3o artigos de decora\u00e7\u00e3o, ou brinquedos que as crian\u00e7as j\u00e1 n\u00e3o usam. Pode sempre doar algumas destas coisas a institui\u00e7\u00f5es que as reaproveitam.<\/p><p>\u00a0<\/p><p style=\"text-align: justify;\"><strong><span style=\"font-size: 11.0pt; line-height: 106%; font-family: 'Calibri',sans-serif; mso-ascii-theme-font: minor-latin; mso-fareast-font-family: Calibri; mso-fareast-theme-font: minor-latin; mso-hansi-theme-font: minor-latin; mso-bidi-font-family: 'Times New Roman'; mso-bidi-theme-font: minor-bidi; mso-ansi-language: PT; mso-fareast-language: EN-US; mso-bidi-language: AR-SA;\">Durma sobre o assunto.<\/span><\/strong><span style=\"font-size: 11.0pt; line-height: 106%; font-family: 'Calibri',sans-serif; mso-ascii-theme-font: minor-latin; mso-fareast-font-family: Calibri; mso-fareast-theme-font: minor-latin; mso-hansi-theme-font: minor-latin; mso-bidi-font-family: 'Times New Roman'; mso-bidi-theme-font: minor-bidi; mso-ansi-language: PT; mso-fareast-language: EN-US; mso-bidi-language: AR-SA;\"> O colch\u00e3o \u00e9 sempre muito suscet\u00edvel a necessitar de ser limpo. Para al\u00e9m de poder acumular humidade, \u00e1caros e outros micro-organismos, o cheiro de um colch\u00e3o que n\u00e3o \u00e9 limpo h\u00e1 algum tempo \u00e9 indesej\u00e1vel, e este \u00e9 o momento ideal para o fazer. Se quiser pode alugar equipamento para limpeza de estofos para o fazer, e algumas lojas de cuidados do lar t\u00eam estes equipamentos para alugar.<\/span><\/p>\t\t\t\t\t\t<\/div>\n\t\t\t\t<\/div>\n\t\t\t\t\t<\/div>\n\t\t<\/div>\n\t\t\t\t\t<\/div>\n\t\t<\/section>\n\t\t\t\t\t<\/div>\n\t\t<\/div>\n\t\t\t\t\t<\/div>\n\t\t<\/section>\n\t\t\t\t<section class=\"elementor-section elementor-top-section elementor-element elementor-element-cdd20d4 elementor-section-boxed elementor-section-height-default elementor-section-height-default\" data-id=\"cdd20d4\" data-element_type=\"section\">\n\t\t\t\t\t\t<div class=\"elementor-container elementor-column-gap-default\">\n\t\t\t\t\t<div class=\"elementor-column elementor-col-100 elementor-top-column elementor-element elementor-element-dbb4ec2\" data-id=\"dbb4ec2\" data-element_type=\"column\">\n\t\t\t<div class=\"elementor-widget-wrap elementor-element-populated\">\n\t\t\t\t\t\t<section class=\"elementor-section elementor-inner-section elementor-element elementor-element-2530aea elementor-section-boxed elementor-section-height-default elementor-section-height-default\" data-id=\"2530aea\" data-element_type=\"section\">\n\t\t\t\t\t\t<div class=\"elementor-container elementor-column-gap-default\">\n\t\t\t\t\t<div class=\"elementor-column elementor-col-100 elementor-inner-column elementor-element elementor-element-19e34e3\" data-id=\"19e34e3\" data-element_type=\"column\">\n\t\t\t<div class=\"elementor-widget-wrap elementor-element-populated\">\n\t\t\t\t\t\t<div class=\"elementor-element elementor-element-749649a elementor-widget elementor-widget-image\" data-id=\"749649a\" data-element_type=\"widget\" data-widget_type=\"image.default\">\n\t\t\t\t<div class=\"elementor-widget-container\">\n\t\t\t\t\t\t\t\t\t\t\t\t\t<img decoding=\"async\" width=\"750\" height=\"375\" src=\"https:\/\/conjunto-de-saberes.pt\/wp-content\/uploads\/2022\/03\/basket-with-cleaning-tools-and-products-on-blurry-2021-09-28-02-58-12-utc-scaled.jpg\" class=\"attachment-large size-large wp-image-1384\" alt=\"Spring cleaning\" style=\"width:100%;height:50%;max-width:2560px\" \/>\t\t\t\t\t\t\t\t\t\t\t\t\t<\/div>\n\t\t\t\t<\/div>\n\t\t\t\t\t<\/div>\n\t\t<\/div>\n\t\t\t\t\t<\/div>\n\t\t<\/section>\n\t\t\t\t\t<\/div>\n\t\t<\/div>\n\t\t\t\t\t<\/div>\n\t\t<\/section>\n\t\t\t\t<section class=\"elementor-section elementor-top-section elementor-element elementor-element-c7188cf elementor-section-boxed elementor-section-height-default elementor-section-height-default\" data-id=\"c7188cf\" data-element_type=\"section\">\n\t\t\t\t\t\t<div class=\"elementor-container elementor-column-gap-default\">\n\t\t\t\t\t<div class=\"elementor-column elementor-col-100 elementor-top-column elementor-element elementor-element-b235cc2\" data-id=\"b235cc2\" data-element_type=\"column\">\n\t\t\t<div class=\"elementor-widget-wrap elementor-element-populated\">\n\t\t\t\t\t\t<section class=\"elementor-section elementor-inner-section elementor-element elementor-element-99b6b7d elementor-section-boxed elementor-section-height-default elementor-section-height-default\" data-id=\"99b6b7d\" data-element_type=\"section\">\n\t\t\t\t\t\t<div class=\"elementor-container elementor-column-gap-default\">\n\t\t\t\t\t<div class=\"elementor-column elementor-col-100 elementor-inner-column elementor-element elementor-element-1ef48be\" data-id=\"1ef48be\" data-element_type=\"column\">\n\t\t\t<div class=\"elementor-widget-wrap elementor-element-populated\">\n\t\t\t\t\t\t<div class=\"elementor-element elementor-element-fcb6083 elementor-widget elementor-widget-text-editor\" data-id=\"fcb6083\" data-element_type=\"widget\" data-widget_type=\"text-editor.default\">\n\t\t\t\t<div class=\"elementor-widget-container\">\n\t\t\t\t\t\t\t<p style=\"text-align: justify;\"><strong>Saia do normal. <\/strong>Aproveite para limpar nos s\u00edtios onde n\u00e3o costuma limpar: dentro e por tr\u00e1s dos guarda-roupas, debaixo das camas ou dentro dos somiers, debaixo do sof\u00e1 ou o pr\u00f3prio sof\u00e1 s\u00e3o lugares que s\u00e3o limpos menos vezes e que pedem aten\u00e7\u00e3o.<\/p><p>\u00a0<\/p><p style=\"text-align: justify;\"><strong>Olhe para cima.<\/strong> Normalmente n\u00e3o vemos o que est\u00e1 por limpar na parte de cima das paredes e no teto. Candeeiros de parede e teto bem como interruptores e parte de cima das ombreiras das portas. Pode tamb\u00e9m varrer ou aspirar os cantos do teto para remover eventuais teias de aranha.<\/p>\t\t\t\t\t\t<\/div>\n\t\t\t\t<\/div>\n\t\t\t\t\t<\/div>\n\t\t<\/div>\n\t\t\t\t\t<\/div>\n\t\t<\/section>\n\t\t\t\t<section class=\"elementor-section elementor-inner-section elementor-element elementor-element-342d1b9 elementor-section-boxed elementor-section-height-default elementor-section-height-default\" data-id=\"342d1b9\" data-element_type=\"section\">\n\t\t\t\t\t\t<div class=\"elementor-container elementor-column-gap-default\">\n\t\t\t\t\t<div class=\"elementor-column elementor-col-50 elementor-inner-column elementor-element elementor-element-5fbfa6e\" data-id=\"5fbfa6e\" data-element_type=\"column\">\n\t\t\t<div class=\"elementor-widget-wrap elementor-element-populated\">\n\t\t\t\t\t\t<div class=\"elementor-element elementor-element-3a85dad elementor-widget elementor-widget-spacer\" data-id=\"3a85dad\" data-element_type=\"widget\" data-widget_type=\"spacer.default\">\n\t\t\t\t<div class=\"elementor-widget-container\">\n\t\t\t\t\t<div class=\"elementor-spacer\">\n\t\t\t<div class=\"elementor-spacer-inner\"><\/div>\n\t\t<\/div>\n\t\t\t\t<\/div>\n\t\t\t\t<\/div>\n\t\t\t\t<div class=\"elementor-element elementor-element-813db7b elementor-widget elementor-widget-image\" data-id=\"813db7b\" data-element_type=\"widget\" data-widget_type=\"image.default\">\n\t\t\t\t<div class=\"elementor-widget-container\">\n\t\t\t\t\t\t\t\t\t\t\t\t\t<img decoding=\"async\" width=\"750\" height=\"499\" src=\"https:\/\/conjunto-de-saberes.pt\/wp-content\/uploads\/2022\/03\/washing-and-cleaning-stuff-domestic-supplies-for-2021-12-09-09-15-33-utc-1024x681.jpg\" class=\"attachment-large size-large wp-image-1392\" alt=\"Limpezas de primavera\" srcset=\"https:\/\/conjunto-de-saberes.pt\/wp-content\/uploads\/2022\/03\/washing-and-cleaning-stuff-domestic-supplies-for-2021-12-09-09-15-33-utc-1024x681.jpg 1024w, https:\/\/conjunto-de-saberes.pt\/wp-content\/uploads\/2022\/03\/washing-and-cleaning-stuff-domestic-supplies-for-2021-12-09-09-15-33-utc-300x200.jpg 300w, https:\/\/conjunto-de-saberes.pt\/wp-content\/uploads\/2022\/03\/washing-and-cleaning-stuff-domestic-supplies-for-2021-12-09-09-15-33-utc-768x511.jpg 768w, https:\/\/conjunto-de-saberes.pt\/wp-content\/uploads\/2022\/03\/washing-and-cleaning-stuff-domestic-supplies-for-2021-12-09-09-15-33-utc-1536x1022.jpg 1536w, https:\/\/conjunto-de-saberes.pt\/wp-content\/uploads\/2022\/03\/washing-and-cleaning-stuff-domestic-supplies-for-2021-12-09-09-15-33-utc-2048x1363.jpg 2048w, https:\/\/conjunto-de-saberes.pt\/wp-content\/uploads\/2022\/03\/washing-and-cleaning-stuff-domestic-supplies-for-2021-12-09-09-15-33-utc-1568x1043.jpg 1568w, https:\/\/conjunto-de-saberes.pt\/wp-content\/uploads\/2022\/03\/washing-and-cleaning-stuff-domestic-supplies-for-2021-12-09-09-15-33-utc-174x116.jpg 174w\" sizes=\"(max-width: 750px) 100vw, 750px\" style=\"width:100%;height:66.52%;max-width:2560px\" \/>\t\t\t\t\t\t\t\t\t\t\t\t\t<\/div>\n\t\t\t\t<\/div>\n\t\t\t\t\t<\/div>\n\t\t<\/div>\n\t\t\t\t<div class=\"elementor-column elementor-col-50 elementor-inner-column elementor-element elementor-element-45078e5\" data-id=\"45078e5\" data-element_type=\"column\">\n\t\t\t<div class=\"elementor-widget-wrap elementor-element-populated\">\n\t\t\t\t\t\t<div class=\"elementor-element elementor-element-1972207 elementor-widget elementor-widget-text-editor\" data-id=\"1972207\" data-element_type=\"widget\" data-widget_type=\"text-editor.default\">\n\t\t\t\t<div class=\"elementor-widget-container\">\n\t\t\t\t\t\t\t<p style=\"text-align: justify;\">As limpezas de primavera t\u00eam tanto de \u00fateis e necess\u00e1rias quanto de trabalhosas e normalmente demoram v\u00e1rios dias para ser realizadas.<\/p><p style=\"text-align: justify;\">A Conjunto de Saberes tem profissionais especializados e organizadores pessoais que podem fazer por si as limpezas de primavera para que possa usar o seu tempo para fazer aquilo que realmente gosta.<\/p>\t\t\t\t\t\t<\/div>\n\t\t\t\t<\/div>\n\t\t\t\t\t<\/div>\n\t\t<\/div>\n\t\t\t\t\t<\/div>\n\t\t<\/section>\n\t\t\t\t<section class=\"elementor-section elementor-inner-section elementor-element elementor-element-fad692b elementor-section-boxed elementor-section-height-default elementor-section-height-default\" data-id=\"fad692b\" data-element_type=\"section\">\n\t\t\t\t\t\t<div class=\"elementor-container elementor-column-gap-default\">\n\t\t\t\t\t<div class=\"elementor-column elementor-col-100 elementor-inner-column elementor-element elementor-element-b50fd02\" data-id=\"b50fd02\" data-element_type=\"column\">\n\t\t\t<div class=\"elementor-widget-wrap elementor-element-populated\">\n\t\t\t\t\t\t<div class=\"elementor-element elementor-element-0a4a0aa elementor-widget elementor-widget-text-editor\" data-id=\"0a4a0aa\" data-element_type=\"widget\" data-widget_type=\"text-editor.default\">\n\t\t\t\t<div class=\"elementor-widget-container\">\n\t\t\t\t\t\t\t<p style=\"text-align: justify;\">Para uma limpeza profissional eficaz, <strong>contacte-nos: 211921316<\/strong><\/p>\t\t\t\t\t\t<\/div>\n\t\t\t\t<\/div>\n\t\t\t\t\t<\/div>\n\t\t<\/div>\n\t\t\t\t\t<\/div>\n\t\t<\/section>\n\t\t\t\t\t<\/div>\n\t\t<\/div>\n\t\t\t\t\t<\/div>\n\t\t<\/section>\n\t\t\t\t<\/div>\n\t\t","protected":false},"excerpt":{"rendered":"<p>Chegou a primavera! Os dias j\u00e1 s\u00e3o mais compridos e mais quentes. O tempo frio e chuvoso vai dando lugar a manh\u00e3s frescas e tardes amenas e solarengas.<br \/>\nEsta \u00e9 a altura de uma das limpezas mais importantes para a sua casa, as limpezas de primavera.<br \/>\nPara que as limpezas n\u00e3o sejam demasiado pesadas para si deixamos aqui algumas dicas para facilitar o seu trabalho e conseguir melhores resultados para que aproveite a sua casa ao m\u00e1ximo.<\/p>\n","protected":false},"author":1,"featured_media":1382,"comment_status":"closed","ping_status":"closed","sticky":false,"template":"","format":"standard","meta":{"footnotes":""},"categories":[1],"tags":[33,34,35,67,39,31,68,38,69,32,46],"class_list":["post-1380","post","type-post","status-publish","format-standard","has-post-thumbnail","hentry","category-limpeza","tag-casalimpa","tag-casaorganizada","tag-conjuntodesaberes","tag-desumidificador","tag-empregadasdomesticas","tag-limpezasalmada","tag-limpezasdeprimavera","tag-limpezasdomesticas","tag-limpezasprimavera","tag-limpezasseixal","tag-produtosdelimpeza","entry"],"yoast_head":"<!-- This site is optimized with the Yoast SEO plugin v22.0 - https:\/\/yoast.com\/wordpress\/plugins\/seo\/ -->\n<title>Facilite as limpezas de primavera - Conjunto de Saberes<\/title>\n<meta name=\"robots\" content=\"index, follow, max-snippet:-1, max-image-preview:large, max-video-preview:-1\" \/>\n<link rel=\"canonical\" href=\"https:\/\/conjunto-de-saberes.pt\/index.php\/2022\/03\/28\/facilite-as-limpezas-de-primavera\/\" \/>\n<meta property=\"og:locale\" content=\"pt_PT\" \/>\n<meta property=\"og:type\" content=\"article\" \/>\n<meta property=\"og:title\" content=\"Facilite as limpezas de primavera - Conjunto de Saberes\" \/>\n<meta property=\"og:description\" content=\"Chegou a primavera! Os dias j\u00e1 s\u00e3o mais compridos e mais quentes. O tempo frio e chuvoso vai dando lugar a manh\u00e3s frescas e tardes amenas e solarengas. Esta \u00e9 a altura de uma das limpezas mais importantes para a sua casa, as limpezas de primavera. Para que as limpezas n\u00e3o sejam demasiado pesadas para si deixamos aqui algumas dicas para facilitar o seu trabalho e conseguir melhores resultados para que aproveite a sua casa ao m\u00e1ximo.\" \/>\n<meta property=\"og:url\" content=\"https:\/\/conjunto-de-saberes.pt\/index.php\/2022\/03\/28\/facilite-as-limpezas-de-primavera\/\" \/>\n<meta property=\"og:site_name\" content=\"Conjunto de Saberes\" \/>\n<meta property=\"article:publisher\" content=\"https:\/\/www.facebook.com\/ConjuntoDeSaberes\" \/>\n<meta property=\"article:published_time\" content=\"2022-03-28T14:39:56+00:00\" \/>\n<meta property=\"article:modified_time\" content=\"2022-06-22T15:44:10+00:00\" \/>\n<meta property=\"og:image\" content=\"https:\/\/conjunto-de-saberes.pt\/wp-content\/uploads\/2022\/03\/text-spring-cleaning-cleaning-tools-and-tulips-on-2022-02-08-04-31-53-utc-scaled-e1648478833365.jpg\" \/>\n\t<meta property=\"og:image:width\" content=\"600\" \/>\n\t<meta property=\"og:image:height\" content=\"400\" \/>\n\t<meta property=\"og:image:type\" content=\"image\/jpeg\" \/>\n<meta name=\"author\" content=\"admin_ti\" \/>\n<meta name=\"twitter:card\" content=\"summary_large_image\" \/>\n<meta name=\"twitter:label1\" content=\"Escrito por\" \/>\n\t<meta name=\"twitter:data1\" content=\"admin_ti\" \/>\n\t<meta name=\"twitter:label2\" content=\"Tempo estimado de leitura\" \/>\n\t<meta name=\"twitter:data2\" content=\"3 minutos\" \/>\n<script type=\"application\/ld+json\" class=\"yoast-schema-graph\">{\"@context\":\"https:\/\/schema.org\",\"@graph\":[{\"@type\":\"Article\",\"@id\":\"https:\/\/conjunto-de-saberes.pt\/index.php\/2022\/03\/28\/facilite-as-limpezas-de-primavera\/#article\",\"isPartOf\":{\"@id\":\"https:\/\/conjunto-de-saberes.pt\/index.php\/2022\/03\/28\/facilite-as-limpezas-de-primavera\/\"},\"author\":{\"name\":\"admin_ti\",\"@id\":\"https:\/\/conjunto-de-saberes.pt\/#\/schema\/person\/2b4b7d19af9252be4d024dcdfb98345a\"},\"headline\":\"Facilite as limpezas de primavera\",\"datePublished\":\"2022-03-28T14:39:56+00:00\",\"dateModified\":\"2022-06-22T15:44:10+00:00\",\"mainEntityOfPage\":{\"@id\":\"https:\/\/conjunto-de-saberes.pt\/index.php\/2022\/03\/28\/facilite-as-limpezas-de-primavera\/\"},\"wordCount\":550,\"publisher\":{\"@id\":\"https:\/\/conjunto-de-saberes.pt\/#organization\"},\"keywords\":[\"#casalimpa\",\"#casaorganizada\",\"#conjuntodesaberes\",\"#desumidificador\",\"#empregadasdom\u00e9sticas\",\"#limpezasalmada\",\"#limpezasdeprimavera\",\"#limpezasdom\u00e9sticas\",\"#limpezasprimavera\",\"#limpezasseixal\",\"#produtosdelimpeza\"],\"articleSection\":[\"Limpeza\"],\"inLanguage\":\"pt-PT\"},{\"@type\":\"WebPage\",\"@id\":\"https:\/\/conjunto-de-saberes.pt\/index.php\/2022\/03\/28\/facilite-as-limpezas-de-primavera\/\",\"url\":\"https:\/\/conjunto-de-saberes.pt\/index.php\/2022\/03\/28\/facilite-as-limpezas-de-primavera\/\",\"name\":\"Facilite as limpezas de primavera - Conjunto de Saberes\",\"isPartOf\":{\"@id\":\"https:\/\/conjunto-de-saberes.pt\/#website\"},\"datePublished\":\"2022-03-28T14:39:56+00:00\",\"dateModified\":\"2022-06-22T15:44:10+00:00\",\"breadcrumb\":{\"@id\":\"https:\/\/conjunto-de-saberes.pt\/index.php\/2022\/03\/28\/facilite-as-limpezas-de-primavera\/#breadcrumb\"},\"inLanguage\":\"pt-PT\",\"potentialAction\":[{\"@type\":\"ReadAction\",\"target\":[\"https:\/\/conjunto-de-saberes.pt\/index.php\/2022\/03\/28\/facilite-as-limpezas-de-primavera\/\"]}]},{\"@type\":\"BreadcrumbList\",\"@id\":\"https:\/\/conjunto-de-saberes.pt\/index.php\/2022\/03\/28\/facilite-as-limpezas-de-primavera\/#breadcrumb\",\"itemListElement\":[{\"@type\":\"ListItem\",\"position\":1,\"name\":\"In\u00edcio\",\"item\":\"https:\/\/conjunto-de-saberes.pt\/\"},{\"@type\":\"ListItem\",\"position\":2,\"name\":\"Facilite as limpezas de primavera\"}]},{\"@type\":\"WebSite\",\"@id\":\"https:\/\/conjunto-de-saberes.pt\/#website\",\"url\":\"https:\/\/conjunto-de-saberes.pt\/\",\"name\":\"Conjunto de Saberes\",\"description\":\"Empresa de Limpeza\",\"publisher\":{\"@id\":\"https:\/\/conjunto-de-saberes.pt\/#organization\"},\"potentialAction\":[{\"@type\":\"SearchAction\",\"target\":{\"@type\":\"EntryPoint\",\"urlTemplate\":\"https:\/\/conjunto-de-saberes.pt\/?s={search_term_string}\"},\"query-input\":\"required name=search_term_string\"}],\"inLanguage\":\"pt-PT\"},{\"@type\":\"Organization\",\"@id\":\"https:\/\/conjunto-de-saberes.pt\/#organization\",\"name\":\"Conjunto de Saberes\",\"url\":\"https:\/\/conjunto-de-saberes.pt\/\",\"logo\":{\"@type\":\"ImageObject\",\"inLanguage\":\"pt-PT\",\"@id\":\"https:\/\/conjunto-de-saberes.pt\/#\/schema\/logo\/image\/\",\"url\":\"https:\/\/conjunto-de-saberes.pt\/wp-content\/uploads\/2021\/04\/logo300.png\",\"contentUrl\":\"https:\/\/conjunto-de-saberes.pt\/wp-content\/uploads\/2021\/04\/logo300.png\",\"width\":300,\"height\":300,\"caption\":\"Conjunto de Saberes\"},\"image\":{\"@id\":\"https:\/\/conjunto-de-saberes.pt\/#\/schema\/logo\/image\/\"},\"sameAs\":[\"https:\/\/www.facebook.com\/ConjuntoDeSaberes\"]},{\"@type\":\"Person\",\"@id\":\"https:\/\/conjunto-de-saberes.pt\/#\/schema\/person\/2b4b7d19af9252be4d024dcdfb98345a\",\"name\":\"admin_ti\",\"image\":{\"@type\":\"ImageObject\",\"inLanguage\":\"pt-PT\",\"@id\":\"https:\/\/conjunto-de-saberes.pt\/#\/schema\/person\/image\/\",\"url\":\"https:\/\/conjunto-de-saberes.pt\/wp-content\/litespeed\/avatar\/509844737b3084a415cacbfd60f25d17.jpg?ver=1776895962\",\"contentUrl\":\"https:\/\/conjunto-de-saberes.pt\/wp-content\/litespeed\/avatar\/509844737b3084a415cacbfd60f25d17.jpg?ver=1776895962\",\"caption\":\"admin_ti\"},\"sameAs\":[\"https:\/\/conjuntodesaberes.tecnologiasimaginadas.com\/wp\"],\"url\":\"https:\/\/conjunto-de-saberes.pt\/index.php\/author\/admin_ti\/\"}]}<\/script>\n<!-- \/ Yoast SEO plugin. -->","yoast_head_json":{"title":"Facilite as limpezas de primavera - Conjunto de Saberes","robots":{"index":"index","follow":"follow","max-snippet":"max-snippet:-1","max-image-preview":"max-image-preview:large","max-video-preview":"max-video-preview:-1"},"canonical":"https:\/\/conjunto-de-saberes.pt\/index.php\/2022\/03\/28\/facilite-as-limpezas-de-primavera\/","og_locale":"pt_PT","og_type":"article","og_title":"Facilite as limpezas de primavera - Conjunto de Saberes","og_description":"Chegou a primavera! Os dias j\u00e1 s\u00e3o mais compridos e mais quentes. O tempo frio e chuvoso vai dando lugar a manh\u00e3s frescas e tardes amenas e solarengas. Esta \u00e9 a altura de uma das limpezas mais importantes para a sua casa, as limpezas de primavera. Para que as limpezas n\u00e3o sejam demasiado pesadas para si deixamos aqui algumas dicas para facilitar o seu trabalho e conseguir melhores resultados para que aproveite a sua casa ao m\u00e1ximo.","og_url":"https:\/\/conjunto-de-saberes.pt\/index.php\/2022\/03\/28\/facilite-as-limpezas-de-primavera\/","og_site_name":"Conjunto de Saberes","article_publisher":"https:\/\/www.facebook.com\/ConjuntoDeSaberes","article_published_time":"2022-03-28T14:39:56+00:00","article_modified_time":"2022-06-22T15:44:10+00:00","og_image":[{"width":600,"height":400,"url":"https:\/\/conjunto-de-saberes.pt\/wp-content\/uploads\/2022\/03\/text-spring-cleaning-cleaning-tools-and-tulips-on-2022-02-08-04-31-53-utc-scaled-e1648478833365.jpg","type":"image\/jpeg"}],"author":"admin_ti","twitter_card":"summary_large_image","twitter_misc":{"Escrito por":"admin_ti","Tempo estimado de leitura":"3 minutos"},"schema":{"@context":"https:\/\/schema.org","@graph":[{"@type":"Article","@id":"https:\/\/conjunto-de-saberes.pt\/index.php\/2022\/03\/28\/facilite-as-limpezas-de-primavera\/#article","isPartOf":{"@id":"https:\/\/conjunto-de-saberes.pt\/index.php\/2022\/03\/28\/facilite-as-limpezas-de-primavera\/"},"author":{"name":"admin_ti","@id":"https:\/\/conjunto-de-saberes.pt\/#\/schema\/person\/2b4b7d19af9252be4d024dcdfb98345a"},"headline":"Facilite as limpezas de primavera","datePublished":"2022-03-28T14:39:56+00:00","dateModified":"2022-06-22T15:44:10+00:00","mainEntityOfPage":{"@id":"https:\/\/conjunto-de-saberes.pt\/index.php\/2022\/03\/28\/facilite-as-limpezas-de-primavera\/"},"wordCount":550,"publisher":{"@id":"https:\/\/conjunto-de-saberes.pt\/#organization"},"keywords":["#casalimpa","#casaorganizada","#conjuntodesaberes","#desumidificador","#empregadasdom\u00e9sticas","#limpezasalmada","#limpezasdeprimavera","#limpezasdom\u00e9sticas","#limpezasprimavera","#limpezasseixal","#produtosdelimpeza"],"articleSection":["Limpeza"],"inLanguage":"pt-PT"},{"@type":"WebPage","@id":"https:\/\/conjunto-de-saberes.pt\/index.php\/2022\/03\/28\/facilite-as-limpezas-de-primavera\/","url":"https:\/\/conjunto-de-saberes.pt\/index.php\/2022\/03\/28\/facilite-as-limpezas-de-primavera\/","name":"Facilite as limpezas de primavera - Conjunto de Saberes","isPartOf":{"@id":"https:\/\/conjunto-de-saberes.pt\/#website"},"datePublished":"2022-03-28T14:39:56+00:00","dateModified":"2022-06-22T15:44:10+00:00","breadcrumb":{"@id":"https:\/\/conjunto-de-saberes.pt\/index.php\/2022\/03\/28\/facilite-as-limpezas-de-primavera\/#breadcrumb"},"inLanguage":"pt-PT","potentialAction":[{"@type":"ReadAction","target":["https:\/\/conjunto-de-saberes.pt\/index.php\/2022\/03\/28\/facilite-as-limpezas-de-primavera\/"]}]},{"@type":"BreadcrumbList","@id":"https:\/\/conjunto-de-saberes.pt\/index.php\/2022\/03\/28\/facilite-as-limpezas-de-primavera\/#breadcrumb","itemListElement":[{"@type":"ListItem","position":1,"name":"In\u00edcio","item":"https:\/\/conjunto-de-saberes.pt\/"},{"@type":"ListItem","position":2,"name":"Facilite as limpezas de primavera"}]},{"@type":"WebSite","@id":"https:\/\/conjunto-de-saberes.pt\/#website","url":"https:\/\/conjunto-de-saberes.pt\/","name":"Conjunto de Saberes","description":"Empresa de Limpeza","publisher":{"@id":"https:\/\/conjunto-de-saberes.pt\/#organization"},"potentialAction":[{"@type":"SearchAction","target":{"@type":"EntryPoint","urlTemplate":"https:\/\/conjunto-de-saberes.pt\/?s={search_term_string}"},"query-input":"required name=search_term_string"}],"inLanguage":"pt-PT"},{"@type":"Organization","@id":"https:\/\/conjunto-de-saberes.pt\/#organization","name":"Conjunto de Saberes","url":"https:\/\/conjunto-de-saberes.pt\/","logo":{"@type":"ImageObject","inLanguage":"pt-PT","@id":"https:\/\/conjunto-de-saberes.pt\/#\/schema\/logo\/image\/","url":"https:\/\/conjunto-de-saberes.pt\/wp-content\/uploads\/2021\/04\/logo300.png","contentUrl":"https:\/\/conjunto-de-saberes.pt\/wp-content\/uploads\/2021\/04\/logo300.png","width":300,"height":300,"caption":"Conjunto de Saberes"},"image":{"@id":"https:\/\/conjunto-de-saberes.pt\/#\/schema\/logo\/image\/"},"sameAs":["https:\/\/www.facebook.com\/ConjuntoDeSaberes"]},{"@type":"Person","@id":"https:\/\/conjunto-de-saberes.pt\/#\/schema\/person\/2b4b7d19af9252be4d024dcdfb98345a","name":"admin_ti","image":{"@type":"ImageObject","inLanguage":"pt-PT","@id":"https:\/\/conjunto-de-saberes.pt\/#\/schema\/person\/image\/","url":"https:\/\/conjunto-de-saberes.pt\/wp-content\/litespeed\/avatar\/509844737b3084a415cacbfd60f25d17.jpg?ver=1776895962","contentUrl":"https:\/\/conjunto-de-saberes.pt\/wp-content\/litespeed\/avatar\/509844737b3084a415cacbfd60f25d17.jpg?ver=1776895962","caption":"admin_ti"},"sameAs":["https:\/\/conjuntodesaberes.tecnologiasimaginadas.com\/wp"],"url":"https:\/\/conjunto-de-saberes.pt\/index.php\/author\/admin_ti\/"}]}},"_links":{"self":[{"href":"https:\/\/conjunto-de-saberes.pt\/index.php\/wp-json\/wp\/v2\/posts\/1380","targetHints":{"allow":["GET"]}}],"collection":[{"href":"https:\/\/conjunto-de-saberes.pt\/index.php\/wp-json\/wp\/v2\/posts"}],"about":[{"href":"https:\/\/conjunto-de-saberes.pt\/index.php\/wp-json\/wp\/v2\/types\/post"}],"author":[{"embeddable":true,"href":"https:\/\/conjunto-de-saberes.pt\/index.php\/wp-json\/wp\/v2\/users\/1"}],"replies":[{"embeddable":true,"href":"https:\/\/conjunto-de-saberes.pt\/index.php\/wp-json\/wp\/v2\/comments?post=1380"}],"version-history":[{"count":51,"href":"https:\/\/conjunto-de-saberes.pt\/index.php\/wp-json\/wp\/v2\/posts\/1380\/revisions"}],"predecessor-version":[{"id":1565,"href":"https:\/\/conjunto-de-saberes.pt\/index.php\/wp-json\/wp\/v2\/posts\/1380\/revisions\/1565"}],"wp:featuredmedia":[{"embeddable":true,"href":"https:\/\/conjunto-de-saberes.pt\/index.php\/wp-json\/wp\/v2\/media\/1382"}],"wp:attachment":[{"href":"https:\/\/conjunto-de-saberes.pt\/index.php\/wp-json\/wp\/v2\/media?parent=1380"}],"wp:term":[{"taxonomy":"category","embeddable":true,"href":"https:\/\/conjunto-de-saberes.pt\/index.php\/wp-json\/wp\/v2\/categories?post=1380"},{"taxonomy":"post_tag","embeddable":true,"href":"https:\/\/conjunto-de-saberes.pt\/index.php\/wp-json\/wp\/v2\/tags?post=1380"}],"curies":[{"name":"wp","href":"https:\/\/api.w.org\/{rel}","templated":true}]}}