{"id":1733,"date":"2022-08-25T13:52:04","date_gmt":"2022-08-25T13:52:04","guid":{"rendered":"https:\/\/conjunto-de-saberes.pt\/?p=1733"},"modified":"2022-08-26T16:04:55","modified_gmt":"2022-08-26T16:04:55","slug":"servico-de-desinfecao","status":"publish","type":"post","link":"https:\/\/conjunto-de-saberes.pt\/index.php\/2022\/08\/25\/servico-de-desinfecao\/","title":{"rendered":"<h2 id=\"titulo\">Servi\u00e7o de desinfe\u00e7\u00e3o<\/h2>"},"content":{"rendered":"\t\t<div data-elementor-type=\"wp-post\" data-elementor-id=\"1733\" class=\"elementor elementor-1733\" data-elementor-post-type=\"post\">\n\t\t\t\t\t\t<section class=\"elementor-section elementor-top-section elementor-element elementor-element-15900c7 elementor-section-boxed elementor-section-height-default elementor-section-height-default\" data-id=\"15900c7\" data-element_type=\"section\">\n\t\t\t\t\t\t<div class=\"elementor-container elementor-column-gap-default\">\n\t\t\t\t\t<div class=\"elementor-column elementor-col-100 elementor-top-column elementor-element elementor-element-9078ee9\" data-id=\"9078ee9\" data-element_type=\"column\">\n\t\t\t<div class=\"elementor-widget-wrap elementor-element-populated\">\n\t\t\t\t\t\t<section class=\"elementor-section elementor-inner-section elementor-element elementor-element-8a478c1 elementor-section-boxed elementor-section-height-default elementor-section-height-default\" data-id=\"8a478c1\" data-element_type=\"section\">\n\t\t\t\t\t\t<div class=\"elementor-container elementor-column-gap-default\">\n\t\t\t\t\t<div class=\"elementor-column elementor-col-100 elementor-inner-column elementor-element elementor-element-a8972f6\" data-id=\"a8972f6\" data-element_type=\"column\">\n\t\t\t<div class=\"elementor-widget-wrap elementor-element-populated\">\n\t\t\t\t\t\t<div class=\"elementor-element elementor-element-e7bd6fe elementor-widget elementor-widget-text-editor\" data-id=\"e7bd6fe\" data-element_type=\"widget\" data-widget_type=\"text-editor.default\">\n\t\t\t\t<div class=\"elementor-widget-container\">\n\t\t\t\t\t\t\t<p>A cozinha de uma casa \u00e9 o local onde se acumulam mais germes e bact\u00e9rias, mas outros locais precisam de ser tratados com muita aten\u00e7\u00e3o.<\/p><p>Alguns s\u00e3o mais \u00f3bvios como a casa de banho, mas outros que passam desapercebidos precisam do mesmo tipo de aten\u00e7\u00e3o.<\/p>\t\t\t\t\t\t<\/div>\n\t\t\t\t<\/div>\n\t\t\t\t\t<\/div>\n\t\t<\/div>\n\t\t\t\t\t<\/div>\n\t\t<\/section>\n\t\t\t\t<section class=\"elementor-section elementor-inner-section elementor-element elementor-element-cc82024 elementor-section-boxed elementor-section-height-default elementor-section-height-default\" data-id=\"cc82024\" data-element_type=\"section\">\n\t\t\t\t\t\t<div class=\"elementor-container elementor-column-gap-default\">\n\t\t\t\t\t<div class=\"elementor-column elementor-col-50 elementor-inner-column elementor-element elementor-element-73800ab\" data-id=\"73800ab\" data-element_type=\"column\">\n\t\t\t<div class=\"elementor-widget-wrap elementor-element-populated\">\n\t\t\t\t\t\t<div class=\"elementor-element elementor-element-dda026c elementor-widget elementor-widget-text-editor\" data-id=\"dda026c\" data-element_type=\"widget\" data-widget_type=\"text-editor.default\">\n\t\t\t\t<div class=\"elementor-widget-container\">\n\t\t\t\t\t\t\t<p class=\"MsoNormal\" style=\"text-align: justify;\">As m\u00e1quinas na cozinha e casas de arruma\u00e7\u00e3o s\u00e3o locais prop\u00edcios ao desenvolvimento de micro-organismos potencialmente perigosos para a sua sa\u00fade. Normalmente s\u00f3 s\u00e3o alvo de uma limpeza mais profunda quando s\u00e3o eles a origem de maus cheiros.<\/p><p>\u00a0<\/p><p class=\"MsoNormal\" style=\"text-align: justify;\">\u00c9 importante que, para al\u00e9m das limpezas peri\u00f3dicas, alguns lugares estrat\u00e9gicos da sua casa sejam desinfetados para n\u00e3o acumularem germes e bact\u00e9rias.<\/p><p>\u00a0<\/p><p class=\"MsoNormal\" style=\"text-align: justify;\">Assim, cozinha, casa de banho, casa de m\u00e1quinas e arruma\u00e7\u00e3o, dispensa de alimentos e ou produtos, interior de somiers e debaixo dos sof\u00e1s s\u00e3o alguns dos locais que devem ser desinfetados para manter um ambiente mais s\u00e3o em sua casa.<\/p>\t\t\t\t\t\t<\/div>\n\t\t\t\t<\/div>\n\t\t\t\t\t<\/div>\n\t\t<\/div>\n\t\t\t\t<div class=\"elementor-column elementor-col-50 elementor-inner-column elementor-element elementor-element-375c89e\" data-id=\"375c89e\" data-element_type=\"column\">\n\t\t\t<div class=\"elementor-widget-wrap elementor-element-populated\">\n\t\t\t\t\t\t<div class=\"elementor-element elementor-element-5a65246 elementor-widget elementor-widget-image\" data-id=\"5a65246\" data-element_type=\"widget\" data-widget_type=\"image.default\">\n\t\t\t\t<div class=\"elementor-widget-container\">\n\t\t\t\t\t\t\t\t\t\t\t\t\t<img fetchpriority=\"high\" decoding=\"async\" width=\"750\" height=\"1125\" src=\"https:\/\/conjunto-de-saberes.pt\/wp-content\/uploads\/2022\/08\/daiga-ellaby-uooMllXe6gE-unsplash-1-768x1152.jpg\" class=\"attachment-medium_large size-medium_large wp-image-1735\" alt=\"Produto de limpeza\" srcset=\"https:\/\/conjunto-de-saberes.pt\/wp-content\/uploads\/2022\/08\/daiga-ellaby-uooMllXe6gE-unsplash-1-768x1152.jpg 768w, https:\/\/conjunto-de-saberes.pt\/wp-content\/uploads\/2022\/08\/daiga-ellaby-uooMllXe6gE-unsplash-1-200x300.jpg 200w, https:\/\/conjunto-de-saberes.pt\/wp-content\/uploads\/2022\/08\/daiga-ellaby-uooMllXe6gE-unsplash-1-683x1024.jpg 683w, https:\/\/conjunto-de-saberes.pt\/wp-content\/uploads\/2022\/08\/daiga-ellaby-uooMllXe6gE-unsplash-1-1024x1536.jpg 1024w, https:\/\/conjunto-de-saberes.pt\/wp-content\/uploads\/2022\/08\/daiga-ellaby-uooMllXe6gE-unsplash-1-1365x2048.jpg 1365w, https:\/\/conjunto-de-saberes.pt\/wp-content\/uploads\/2022\/08\/daiga-ellaby-uooMllXe6gE-unsplash-1-1568x2352.jpg 1568w, https:\/\/conjunto-de-saberes.pt\/wp-content\/uploads\/2022\/08\/daiga-ellaby-uooMllXe6gE-unsplash-1-77x116.jpg 77w, https:\/\/conjunto-de-saberes.pt\/wp-content\/uploads\/2022\/08\/daiga-ellaby-uooMllXe6gE-unsplash-1-scaled.jpg 1707w\" sizes=\"(max-width: 750px) 100vw, 750px\" style=\"width:100%;height:149.97%;max-width:1707px\" \/>\t\t\t\t\t\t\t\t\t\t\t\t\t<\/div>\n\t\t\t\t<\/div>\n\t\t\t\t\t<\/div>\n\t\t<\/div>\n\t\t\t\t\t<\/div>\n\t\t<\/section>\n\t\t\t\t\t<\/div>\n\t\t<\/div>\n\t\t\t\t\t<\/div>\n\t\t<\/section>\n\t\t\t\t<section class=\"elementor-section elementor-top-section elementor-element elementor-element-c7188cf elementor-section-boxed elementor-section-height-default elementor-section-height-default\" data-id=\"c7188cf\" data-element_type=\"section\">\n\t\t\t\t\t\t<div class=\"elementor-container elementor-column-gap-default\">\n\t\t\t\t\t<div class=\"elementor-column elementor-col-100 elementor-top-column elementor-element elementor-element-b235cc2\" data-id=\"b235cc2\" data-element_type=\"column\">\n\t\t\t<div class=\"elementor-widget-wrap elementor-element-populated\">\n\t\t\t\t\t\t<section class=\"elementor-section elementor-inner-section elementor-element elementor-element-e519cc4 elementor-section-boxed elementor-section-height-default elementor-section-height-default\" data-id=\"e519cc4\" data-element_type=\"section\">\n\t\t\t\t\t\t<div class=\"elementor-container elementor-column-gap-default\">\n\t\t\t\t\t<div class=\"elementor-column elementor-col-100 elementor-inner-column elementor-element elementor-element-bd318b0\" data-id=\"bd318b0\" data-element_type=\"column\">\n\t\t\t<div class=\"elementor-widget-wrap elementor-element-populated\">\n\t\t\t\t\t\t<div class=\"elementor-element elementor-element-b988adc elementor-widget elementor-widget-text-editor\" data-id=\"b988adc\" data-element_type=\"widget\" data-widget_type=\"text-editor.default\">\n\t\t\t\t<div class=\"elementor-widget-container\">\n\t\t\t\t\t\t\t<p>A Conjunto de Saberes \u00e9 especializada e tem larga experi\u00eancia em servi\u00e7os de desinfe\u00e7\u00e3o e preven\u00e7\u00e3o de infe\u00e7\u00f5es.<\/p><p>Para saber como podemos ajudar a prevenir o surgimento ou eliminar de infe\u00e7\u00f5es contacte-nos atrav\u00e9s do n\u00ba. <strong>211 921\u00a0316 <\/strong>ou<strong> 914 457\u00a0432.<\/strong><\/p>\t\t\t\t\t\t<\/div>\n\t\t\t\t<\/div>\n\t\t\t\t\t<\/div>\n\t\t<\/div>\n\t\t\t\t\t<\/div>\n\t\t<\/section>\n\t\t\t\t\t<\/div>\n\t\t<\/div>\n\t\t\t\t\t<\/div>\n\t\t<\/section>\n\t\t\t\t<\/div>\n\t\t","protected":false},"excerpt":{"rendered":"<p>A cozinha de uma casa \u00e9 o local onde se acumulam mais germes e bact\u00e9rias, mas outros locais precisam de ser tratados com muita aten\u00e7\u00e3o.<br \/>\nAlguns s\u00e3o mais \u00f3bvios como a casa de banho, mas outros que passam desapercebidos precisam do mesmo tipo de aten\u00e7\u00e3o.<\/p>\n","protected":false},"author":1,"featured_media":1736,"comment_status":"closed","ping_status":"closed","sticky":false,"template":"","format":"standard","meta":{"footnotes":""},"categories":[1],"tags":[33,34,35,79,31,70,32],"class_list":["post-1733","post","type-post","status-publish","format-standard","has-post-thumbnail","hentry","category-limpeza","tag-casalimpa","tag-casaorganizada","tag-conjuntodesaberes","tag-desinfecao","tag-limpezasalmada","tag-limpezasdeverao","tag-limpezasseixal","entry"],"yoast_head":"<!-- This site is optimized with the Yoast SEO plugin v22.0 - https:\/\/yoast.com\/wordpress\/plugins\/seo\/ -->\n<title>Servi\u00e7o de desinfe\u00e7\u00e3o - Conjunto de Saberes<\/title>\n<meta name=\"robots\" content=\"index, follow, max-snippet:-1, max-image-preview:large, max-video-preview:-1\" \/>\n<link rel=\"canonical\" href=\"https:\/\/conjunto-de-saberes.pt\/index.php\/2022\/08\/25\/servico-de-desinfecao\/\" \/>\n<meta property=\"og:locale\" content=\"pt_PT\" \/>\n<meta property=\"og:type\" content=\"article\" \/>\n<meta property=\"og:title\" content=\"Servi\u00e7o de desinfe\u00e7\u00e3o - Conjunto de Saberes\" \/>\n<meta property=\"og:description\" content=\"A cozinha de uma casa \u00e9 o local onde se acumulam mais germes e bact\u00e9rias, mas outros locais precisam de ser tratados com muita aten\u00e7\u00e3o. Alguns s\u00e3o mais \u00f3bvios como a casa de banho, mas outros que passam desapercebidos precisam do mesmo tipo de aten\u00e7\u00e3o.\" \/>\n<meta property=\"og:url\" content=\"https:\/\/conjunto-de-saberes.pt\/index.php\/2022\/08\/25\/servico-de-desinfecao\/\" \/>\n<meta property=\"og:site_name\" content=\"Conjunto de Saberes\" \/>\n<meta property=\"article:publisher\" content=\"https:\/\/www.facebook.com\/ConjuntoDeSaberes\" \/>\n<meta property=\"article:published_time\" content=\"2022-08-25T13:52:04+00:00\" \/>\n<meta property=\"article:modified_time\" content=\"2022-08-26T16:04:55+00:00\" \/>\n<meta property=\"og:image\" content=\"https:\/\/conjunto-de-saberes.pt\/wp-content\/uploads\/2022\/08\/sidekix-media-iQYdCr4EpE-unsplash-scaled-e1661529417555.jpg\" \/>\n\t<meta property=\"og:image:width\" content=\"600\" \/>\n\t<meta property=\"og:image:height\" content=\"400\" \/>\n\t<meta property=\"og:image:type\" content=\"image\/jpeg\" \/>\n<meta name=\"author\" content=\"admin_ti\" \/>\n<meta name=\"twitter:card\" content=\"summary_large_image\" \/>\n<meta name=\"twitter:label1\" content=\"Escrito por\" \/>\n\t<meta name=\"twitter:data1\" content=\"admin_ti\" \/>\n\t<meta name=\"twitter:label2\" content=\"Tempo estimado de leitura\" \/>\n\t<meta name=\"twitter:data2\" content=\"1 minuto\" \/>\n<script type=\"application\/ld+json\" class=\"yoast-schema-graph\">{\"@context\":\"https:\/\/schema.org\",\"@graph\":[{\"@type\":\"Article\",\"@id\":\"https:\/\/conjunto-de-saberes.pt\/index.php\/2022\/08\/25\/servico-de-desinfecao\/#article\",\"isPartOf\":{\"@id\":\"https:\/\/conjunto-de-saberes.pt\/index.php\/2022\/08\/25\/servico-de-desinfecao\/\"},\"author\":{\"name\":\"admin_ti\",\"@id\":\"https:\/\/conjunto-de-saberes.pt\/#\/schema\/person\/2b4b7d19af9252be4d024dcdfb98345a\"},\"headline\":\"Servi\u00e7o de desinfe\u00e7\u00e3o\",\"datePublished\":\"2022-08-25T13:52:04+00:00\",\"dateModified\":\"2022-08-26T16:04:55+00:00\",\"mainEntityOfPage\":{\"@id\":\"https:\/\/conjunto-de-saberes.pt\/index.php\/2022\/08\/25\/servico-de-desinfecao\/\"},\"wordCount\":211,\"publisher\":{\"@id\":\"https:\/\/conjunto-de-saberes.pt\/#organization\"},\"keywords\":[\"#casalimpa\",\"#casaorganizada\",\"#conjuntodesaberes\",\"#desinfe\u00e7ao\",\"#limpezasalmada\",\"#limpezasdeverao\",\"#limpezasseixal\"],\"articleSection\":[\"Limpeza\"],\"inLanguage\":\"pt-PT\"},{\"@type\":\"WebPage\",\"@id\":\"https:\/\/conjunto-de-saberes.pt\/index.php\/2022\/08\/25\/servico-de-desinfecao\/\",\"url\":\"https:\/\/conjunto-de-saberes.pt\/index.php\/2022\/08\/25\/servico-de-desinfecao\/\",\"name\":\"Servi\u00e7o de desinfe\u00e7\u00e3o - Conjunto de Saberes\",\"isPartOf\":{\"@id\":\"https:\/\/conjunto-de-saberes.pt\/#website\"},\"datePublished\":\"2022-08-25T13:52:04+00:00\",\"dateModified\":\"2022-08-26T16:04:55+00:00\",\"breadcrumb\":{\"@id\":\"https:\/\/conjunto-de-saberes.pt\/index.php\/2022\/08\/25\/servico-de-desinfecao\/#breadcrumb\"},\"inLanguage\":\"pt-PT\",\"potentialAction\":[{\"@type\":\"ReadAction\",\"target\":[\"https:\/\/conjunto-de-saberes.pt\/index.php\/2022\/08\/25\/servico-de-desinfecao\/\"]}]},{\"@type\":\"BreadcrumbList\",\"@id\":\"https:\/\/conjunto-de-saberes.pt\/index.php\/2022\/08\/25\/servico-de-desinfecao\/#breadcrumb\",\"itemListElement\":[{\"@type\":\"ListItem\",\"position\":1,\"name\":\"In\u00edcio\",\"item\":\"https:\/\/conjunto-de-saberes.pt\/\"},{\"@type\":\"ListItem\",\"position\":2,\"name\":\"Servi\u00e7o de desinfe\u00e7\u00e3o\"}]},{\"@type\":\"WebSite\",\"@id\":\"https:\/\/conjunto-de-saberes.pt\/#website\",\"url\":\"https:\/\/conjunto-de-saberes.pt\/\",\"name\":\"Conjunto de Saberes\",\"description\":\"Empresa de Limpeza\",\"publisher\":{\"@id\":\"https:\/\/conjunto-de-saberes.pt\/#organization\"},\"potentialAction\":[{\"@type\":\"SearchAction\",\"target\":{\"@type\":\"EntryPoint\",\"urlTemplate\":\"https:\/\/conjunto-de-saberes.pt\/?s={search_term_string}\"},\"query-input\":\"required name=search_term_string\"}],\"inLanguage\":\"pt-PT\"},{\"@type\":\"Organization\",\"@id\":\"https:\/\/conjunto-de-saberes.pt\/#organization\",\"name\":\"Conjunto de Saberes\",\"url\":\"https:\/\/conjunto-de-saberes.pt\/\",\"logo\":{\"@type\":\"ImageObject\",\"inLanguage\":\"pt-PT\",\"@id\":\"https:\/\/conjunto-de-saberes.pt\/#\/schema\/logo\/image\/\",\"url\":\"https:\/\/conjunto-de-saberes.pt\/wp-content\/uploads\/2021\/04\/logo300.png\",\"contentUrl\":\"https:\/\/conjunto-de-saberes.pt\/wp-content\/uploads\/2021\/04\/logo300.png\",\"width\":300,\"height\":300,\"caption\":\"Conjunto de Saberes\"},\"image\":{\"@id\":\"https:\/\/conjunto-de-saberes.pt\/#\/schema\/logo\/image\/\"},\"sameAs\":[\"https:\/\/www.facebook.com\/ConjuntoDeSaberes\"]},{\"@type\":\"Person\",\"@id\":\"https:\/\/conjunto-de-saberes.pt\/#\/schema\/person\/2b4b7d19af9252be4d024dcdfb98345a\",\"name\":\"admin_ti\",\"image\":{\"@type\":\"ImageObject\",\"inLanguage\":\"pt-PT\",\"@id\":\"https:\/\/conjunto-de-saberes.pt\/#\/schema\/person\/image\/\",\"url\":\"https:\/\/conjunto-de-saberes.pt\/wp-content\/litespeed\/avatar\/509844737b3084a415cacbfd60f25d17.jpg?ver=1777500901\",\"contentUrl\":\"https:\/\/conjunto-de-saberes.pt\/wp-content\/litespeed\/avatar\/509844737b3084a415cacbfd60f25d17.jpg?ver=1777500901\",\"caption\":\"admin_ti\"},\"sameAs\":[\"https:\/\/conjuntodesaberes.tecnologiasimaginadas.com\/wp\"],\"url\":\"https:\/\/conjunto-de-saberes.pt\/index.php\/author\/admin_ti\/\"}]}<\/script>\n<!-- \/ Yoast SEO plugin. -->","yoast_head_json":{"title":"Servi\u00e7o de desinfe\u00e7\u00e3o - Conjunto de Saberes","robots":{"index":"index","follow":"follow","max-snippet":"max-snippet:-1","max-image-preview":"max-image-preview:large","max-video-preview":"max-video-preview:-1"},"canonical":"https:\/\/conjunto-de-saberes.pt\/index.php\/2022\/08\/25\/servico-de-desinfecao\/","og_locale":"pt_PT","og_type":"article","og_title":"Servi\u00e7o de desinfe\u00e7\u00e3o - Conjunto de Saberes","og_description":"A cozinha de uma casa \u00e9 o local onde se acumulam mais germes e bact\u00e9rias, mas outros locais precisam de ser tratados com muita aten\u00e7\u00e3o. Alguns s\u00e3o mais \u00f3bvios como a casa de banho, mas outros que passam desapercebidos precisam do mesmo tipo de aten\u00e7\u00e3o.","og_url":"https:\/\/conjunto-de-saberes.pt\/index.php\/2022\/08\/25\/servico-de-desinfecao\/","og_site_name":"Conjunto de Saberes","article_publisher":"https:\/\/www.facebook.com\/ConjuntoDeSaberes","article_published_time":"2022-08-25T13:52:04+00:00","article_modified_time":"2022-08-26T16:04:55+00:00","og_image":[{"width":600,"height":400,"url":"https:\/\/conjunto-de-saberes.pt\/wp-content\/uploads\/2022\/08\/sidekix-media-iQYdCr4EpE-unsplash-scaled-e1661529417555.jpg","type":"image\/jpeg"}],"author":"admin_ti","twitter_card":"summary_large_image","twitter_misc":{"Escrito por":"admin_ti","Tempo estimado de leitura":"1 minuto"},"schema":{"@context":"https:\/\/schema.org","@graph":[{"@type":"Article","@id":"https:\/\/conjunto-de-saberes.pt\/index.php\/2022\/08\/25\/servico-de-desinfecao\/#article","isPartOf":{"@id":"https:\/\/conjunto-de-saberes.pt\/index.php\/2022\/08\/25\/servico-de-desinfecao\/"},"author":{"name":"admin_ti","@id":"https:\/\/conjunto-de-saberes.pt\/#\/schema\/person\/2b4b7d19af9252be4d024dcdfb98345a"},"headline":"Servi\u00e7o de desinfe\u00e7\u00e3o","datePublished":"2022-08-25T13:52:04+00:00","dateModified":"2022-08-26T16:04:55+00:00","mainEntityOfPage":{"@id":"https:\/\/conjunto-de-saberes.pt\/index.php\/2022\/08\/25\/servico-de-desinfecao\/"},"wordCount":211,"publisher":{"@id":"https:\/\/conjunto-de-saberes.pt\/#organization"},"keywords":["#casalimpa","#casaorganizada","#conjuntodesaberes","#desinfe\u00e7ao","#limpezasalmada","#limpezasdeverao","#limpezasseixal"],"articleSection":["Limpeza"],"inLanguage":"pt-PT"},{"@type":"WebPage","@id":"https:\/\/conjunto-de-saberes.pt\/index.php\/2022\/08\/25\/servico-de-desinfecao\/","url":"https:\/\/conjunto-de-saberes.pt\/index.php\/2022\/08\/25\/servico-de-desinfecao\/","name":"Servi\u00e7o de desinfe\u00e7\u00e3o - Conjunto de Saberes","isPartOf":{"@id":"https:\/\/conjunto-de-saberes.pt\/#website"},"datePublished":"2022-08-25T13:52:04+00:00","dateModified":"2022-08-26T16:04:55+00:00","breadcrumb":{"@id":"https:\/\/conjunto-de-saberes.pt\/index.php\/2022\/08\/25\/servico-de-desinfecao\/#breadcrumb"},"inLanguage":"pt-PT","potentialAction":[{"@type":"ReadAction","target":["https:\/\/conjunto-de-saberes.pt\/index.php\/2022\/08\/25\/servico-de-desinfecao\/"]}]},{"@type":"BreadcrumbList","@id":"https:\/\/conjunto-de-saberes.pt\/index.php\/2022\/08\/25\/servico-de-desinfecao\/#breadcrumb","itemListElement":[{"@type":"ListItem","position":1,"name":"In\u00edcio","item":"https:\/\/conjunto-de-saberes.pt\/"},{"@type":"ListItem","position":2,"name":"Servi\u00e7o de desinfe\u00e7\u00e3o"}]},{"@type":"WebSite","@id":"https:\/\/conjunto-de-saberes.pt\/#website","url":"https:\/\/conjunto-de-saberes.pt\/","name":"Conjunto de Saberes","description":"Empresa de Limpeza","publisher":{"@id":"https:\/\/conjunto-de-saberes.pt\/#organization"},"potentialAction":[{"@type":"SearchAction","target":{"@type":"EntryPoint","urlTemplate":"https:\/\/conjunto-de-saberes.pt\/?s={search_term_string}"},"query-input":"required name=search_term_string"}],"inLanguage":"pt-PT"},{"@type":"Organization","@id":"https:\/\/conjunto-de-saberes.pt\/#organization","name":"Conjunto de Saberes","url":"https:\/\/conjunto-de-saberes.pt\/","logo":{"@type":"ImageObject","inLanguage":"pt-PT","@id":"https:\/\/conjunto-de-saberes.pt\/#\/schema\/logo\/image\/","url":"https:\/\/conjunto-de-saberes.pt\/wp-content\/uploads\/2021\/04\/logo300.png","contentUrl":"https:\/\/conjunto-de-saberes.pt\/wp-content\/uploads\/2021\/04\/logo300.png","width":300,"height":300,"caption":"Conjunto de Saberes"},"image":{"@id":"https:\/\/conjunto-de-saberes.pt\/#\/schema\/logo\/image\/"},"sameAs":["https:\/\/www.facebook.com\/ConjuntoDeSaberes"]},{"@type":"Person","@id":"https:\/\/conjunto-de-saberes.pt\/#\/schema\/person\/2b4b7d19af9252be4d024dcdfb98345a","name":"admin_ti","image":{"@type":"ImageObject","inLanguage":"pt-PT","@id":"https:\/\/conjunto-de-saberes.pt\/#\/schema\/person\/image\/","url":"https:\/\/conjunto-de-saberes.pt\/wp-content\/litespeed\/avatar\/509844737b3084a415cacbfd60f25d17.jpg?ver=1777500901","contentUrl":"https:\/\/conjunto-de-saberes.pt\/wp-content\/litespeed\/avatar\/509844737b3084a415cacbfd60f25d17.jpg?ver=1777500901","caption":"admin_ti"},"sameAs":["https:\/\/conjuntodesaberes.tecnologiasimaginadas.com\/wp"],"url":"https:\/\/conjunto-de-saberes.pt\/index.php\/author\/admin_ti\/"}]}},"_links":{"self":[{"href":"https:\/\/conjunto-de-saberes.pt\/index.php\/wp-json\/wp\/v2\/posts\/1733","targetHints":{"allow":["GET"]}}],"collection":[{"href":"https:\/\/conjunto-de-saberes.pt\/index.php\/wp-json\/wp\/v2\/posts"}],"about":[{"href":"https:\/\/conjunto-de-saberes.pt\/index.php\/wp-json\/wp\/v2\/types\/post"}],"author":[{"embeddable":true,"href":"https:\/\/conjunto-de-saberes.pt\/index.php\/wp-json\/wp\/v2\/users\/1"}],"replies":[{"embeddable":true,"href":"https:\/\/conjunto-de-saberes.pt\/index.php\/wp-json\/wp\/v2\/comments?post=1733"}],"version-history":[{"count":4,"href":"https:\/\/conjunto-de-saberes.pt\/index.php\/wp-json\/wp\/v2\/posts\/1733\/revisions"}],"predecessor-version":[{"id":1740,"href":"https:\/\/conjunto-de-saberes.pt\/index.php\/wp-json\/wp\/v2\/posts\/1733\/revisions\/1740"}],"wp:featuredmedia":[{"embeddable":true,"href":"https:\/\/conjunto-de-saberes.pt\/index.php\/wp-json\/wp\/v2\/media\/1736"}],"wp:attachment":[{"href":"https:\/\/conjunto-de-saberes.pt\/index.php\/wp-json\/wp\/v2\/media?parent=1733"}],"wp:term":[{"taxonomy":"category","embeddable":true,"href":"https:\/\/conjunto-de-saberes.pt\/index.php\/wp-json\/wp\/v2\/categories?post=1733"},{"taxonomy":"post_tag","embeddable":true,"href":"https:\/\/conjunto-de-saberes.pt\/index.php\/wp-json\/wp\/v2\/tags?post=1733"}],"curies":[{"name":"wp","href":"https:\/\/api.w.org\/{rel}","templated":true}]}}