{"id":2164,"date":"2025-04-03T09:41:26","date_gmt":"2025-04-03T09:41:26","guid":{"rendered":"https:\/\/conjunto-de-saberes.pt\/?p=2164"},"modified":"2025-04-03T09:41:26","modified_gmt":"2025-04-03T09:41:26","slug":"a-importancia-de-um-limpeza-profissional-em-ambientes-de-trabalho","status":"publish","type":"post","link":"https:\/\/conjunto-de-saberes.pt\/index.php\/2025\/04\/03\/a-importancia-de-um-limpeza-profissional-em-ambientes-de-trabalho\/","title":{"rendered":"A Import\u00e2ncia de um Limpeza Profissional em Ambientes de Trabalho"},"content":{"rendered":"\n<p>Ambientes empresariais t\u00eam habitualmente uma grande circula\u00e7\u00e3o de pessoas, aumentando o risco de prolifera\u00e7\u00e3o de germes e bact\u00e9rias. Uma limpeza eficiente e regular contribui para um espa\u00e7o mais saud\u00e1vel e produtivo.<\/p>\n\n\n\n<p>Aqui ficam algumas dicas para um bom ambiente na sua empresa.<\/p>\n\n\n\n<p><strong>\ud83c\udfe2<\/strong><strong> Redu\u00e7\u00e3o de doen\u00e7as: <\/strong>ambientes compartilhados podem acumular v\u00edrus e bact\u00e9rias, e ser a causa de surtos de gripes e outras doen\u00e7as contagiosas. A higieniza\u00e7\u00e3o frequente de superf\u00edcies como mesas, teclados e ma\u00e7anetas \u00e9 essencial<strong>.<\/strong><\/p>\n\n\n\n<p><strong>\ud83d\udcbc<\/strong><strong> Aumento da produtividade: <\/strong>trabalhadores saud\u00e1veis e confort\u00e1veis tendem a ser mais produtivos. Um espa\u00e7o organizado e limpo reduz o stress e melhora a concentra\u00e7\u00e3o.<\/p>\n\n\n\n<p><strong>\ud83c\udfe1<\/strong><strong> Imagem profissional: <\/strong>um ambiente limpo transmite credibilidade e cuidado a clientes e colaboradores.<\/p>\n\n\n\n<p><strong>Garanta um espa\u00e7o de trabalho seguro e agrad\u00e1vel com uma limpeza profissional regular!<\/strong><\/p>\n\n\n\n<p><strong>A Conjunto de Saberes est\u00e1 pronta para o ajudar.<\/strong><strong>Agende j\u00e1 o seu servi\u00e7o<\/strong><strong><strong><strong>:<\/strong><\/strong> <\/strong><a href=\"tel:+351211921316\">\u260e\ufe0f 211 921\u202f316.<\/a><\/p>\n","protected":false},"excerpt":{"rendered":"<p>Ambientes empresariais t\u00eam habitualmente uma grande circula\u00e7\u00e3o de pessoas, aumentando o risco de prolifera\u00e7\u00e3o de germes e bact\u00e9rias. Uma limpeza eficiente e regular contribui para um espa\u00e7o mais saud\u00e1vel e produtivo. Aqui ficam algumas dicas para um bom ambiente na sua empresa. \ud83c\udfe2 Redu\u00e7\u00e3o de doen\u00e7as: ambientes compartilhados podem acumular v\u00edrus e bact\u00e9rias, e ser&hellip; <a class=\"more-link\" href=\"https:\/\/conjunto-de-saberes.pt\/index.php\/2025\/04\/03\/a-importancia-de-um-limpeza-profissional-em-ambientes-de-trabalho\/\">Continue a ler <span class=\"screen-reader-text\">A Import\u00e2ncia de um Limpeza Profissional em Ambientes de Trabalho<\/span><\/a><\/p>\n","protected":false},"author":1,"featured_media":2152,"comment_status":"closed","ping_status":"closed","sticky":false,"template":"","format":"standard","meta":{"footnotes":""},"categories":[1],"tags":[],"class_list":["post-2164","post","type-post","status-publish","format-standard","has-post-thumbnail","hentry","category-limpeza","entry"],"yoast_head":"<!-- This site is optimized with the Yoast SEO plugin v22.0 - https:\/\/yoast.com\/wordpress\/plugins\/seo\/ -->\n<title>A Import\u00e2ncia de um Limpeza Profissional em Ambientes de Trabalho - Conjunto de Saberes<\/title>\n<meta name=\"robots\" content=\"index, follow, max-snippet:-1, max-image-preview:large, max-video-preview:-1\" \/>\n<link rel=\"canonical\" href=\"https:\/\/conjunto-de-saberes.pt\/index.php\/2025\/04\/03\/a-importancia-de-um-limpeza-profissional-em-ambientes-de-trabalho\/\" \/>\n<meta property=\"og:locale\" content=\"pt_PT\" \/>\n<meta property=\"og:type\" content=\"article\" \/>\n<meta property=\"og:title\" content=\"A Import\u00e2ncia de um Limpeza Profissional em Ambientes de Trabalho - Conjunto de Saberes\" \/>\n<meta property=\"og:description\" content=\"Ambientes empresariais t\u00eam habitualmente uma grande circula\u00e7\u00e3o de pessoas, aumentando o risco de prolifera\u00e7\u00e3o de germes e bact\u00e9rias. Uma limpeza eficiente e regular contribui para um espa\u00e7o mais saud\u00e1vel e produtivo. Aqui ficam algumas dicas para um bom ambiente na sua empresa. \ud83c\udfe2 Redu\u00e7\u00e3o de doen\u00e7as: ambientes compartilhados podem acumular v\u00edrus e bact\u00e9rias, e ser&hellip; Continue a ler A Import\u00e2ncia de um Limpeza Profissional em Ambientes de Trabalho\" \/>\n<meta property=\"og:url\" content=\"https:\/\/conjunto-de-saberes.pt\/index.php\/2025\/04\/03\/a-importancia-de-um-limpeza-profissional-em-ambientes-de-trabalho\/\" \/>\n<meta property=\"og:site_name\" content=\"Conjunto de Saberes\" \/>\n<meta property=\"article:publisher\" content=\"https:\/\/www.facebook.com\/ConjuntoDeSaberes\" \/>\n<meta property=\"article:published_time\" content=\"2025-04-03T09:41:26+00:00\" \/>\n<meta property=\"og:image\" content=\"https:\/\/conjunto-de-saberes.pt\/wp-content\/uploads\/2025\/03\/02.jpg\" \/>\n\t<meta property=\"og:image:width\" content=\"2000\" \/>\n\t<meta property=\"og:image:height\" content=\"2000\" \/>\n\t<meta property=\"og:image:type\" content=\"image\/jpeg\" \/>\n<meta name=\"author\" content=\"admin_ti\" \/>\n<meta name=\"twitter:card\" content=\"summary_large_image\" \/>\n<meta name=\"twitter:label1\" content=\"Escrito por\" \/>\n\t<meta name=\"twitter:data1\" content=\"admin_ti\" \/>\n\t<meta name=\"twitter:label2\" content=\"Tempo estimado de leitura\" \/>\n\t<meta name=\"twitter:data2\" content=\"2 minutos\" \/>\n<script type=\"application\/ld+json\" class=\"yoast-schema-graph\">{\"@context\":\"https:\/\/schema.org\",\"@graph\":[{\"@type\":\"Article\",\"@id\":\"https:\/\/conjunto-de-saberes.pt\/index.php\/2025\/04\/03\/a-importancia-de-um-limpeza-profissional-em-ambientes-de-trabalho\/#article\",\"isPartOf\":{\"@id\":\"https:\/\/conjunto-de-saberes.pt\/index.php\/2025\/04\/03\/a-importancia-de-um-limpeza-profissional-em-ambientes-de-trabalho\/\"},\"author\":{\"name\":\"admin_ti\",\"@id\":\"https:\/\/conjunto-de-saberes.pt\/#\/schema\/person\/2b4b7d19af9252be4d024dcdfb98345a\"},\"headline\":\"A Import\u00e2ncia de um Limpeza Profissional em Ambientes de Trabalho\",\"datePublished\":\"2025-04-03T09:41:26+00:00\",\"dateModified\":\"2025-04-03T09:41:26+00:00\",\"mainEntityOfPage\":{\"@id\":\"https:\/\/conjunto-de-saberes.pt\/index.php\/2025\/04\/03\/a-importancia-de-um-limpeza-profissional-em-ambientes-de-trabalho\/\"},\"wordCount\":171,\"publisher\":{\"@id\":\"https:\/\/conjunto-de-saberes.pt\/#organization\"},\"articleSection\":[\"Limpeza\"],\"inLanguage\":\"pt-PT\"},{\"@type\":\"WebPage\",\"@id\":\"https:\/\/conjunto-de-saberes.pt\/index.php\/2025\/04\/03\/a-importancia-de-um-limpeza-profissional-em-ambientes-de-trabalho\/\",\"url\":\"https:\/\/conjunto-de-saberes.pt\/index.php\/2025\/04\/03\/a-importancia-de-um-limpeza-profissional-em-ambientes-de-trabalho\/\",\"name\":\"A Import\u00e2ncia de um Limpeza Profissional em Ambientes de Trabalho - Conjunto de Saberes\",\"isPartOf\":{\"@id\":\"https:\/\/conjunto-de-saberes.pt\/#website\"},\"datePublished\":\"2025-04-03T09:41:26+00:00\",\"dateModified\":\"2025-04-03T09:41:26+00:00\",\"breadcrumb\":{\"@id\":\"https:\/\/conjunto-de-saberes.pt\/index.php\/2025\/04\/03\/a-importancia-de-um-limpeza-profissional-em-ambientes-de-trabalho\/#breadcrumb\"},\"inLanguage\":\"pt-PT\",\"potentialAction\":[{\"@type\":\"ReadAction\",\"target\":[\"https:\/\/conjunto-de-saberes.pt\/index.php\/2025\/04\/03\/a-importancia-de-um-limpeza-profissional-em-ambientes-de-trabalho\/\"]}]},{\"@type\":\"BreadcrumbList\",\"@id\":\"https:\/\/conjunto-de-saberes.pt\/index.php\/2025\/04\/03\/a-importancia-de-um-limpeza-profissional-em-ambientes-de-trabalho\/#breadcrumb\",\"itemListElement\":[{\"@type\":\"ListItem\",\"position\":1,\"name\":\"In\u00edcio\",\"item\":\"https:\/\/conjunto-de-saberes.pt\/\"},{\"@type\":\"ListItem\",\"position\":2,\"name\":\"A Import\u00e2ncia de um Limpeza Profissional em Ambientes de Trabalho\"}]},{\"@type\":\"WebSite\",\"@id\":\"https:\/\/conjunto-de-saberes.pt\/#website\",\"url\":\"https:\/\/conjunto-de-saberes.pt\/\",\"name\":\"Conjunto de Saberes\",\"description\":\"Empresa de Limpeza\",\"publisher\":{\"@id\":\"https:\/\/conjunto-de-saberes.pt\/#organization\"},\"potentialAction\":[{\"@type\":\"SearchAction\",\"target\":{\"@type\":\"EntryPoint\",\"urlTemplate\":\"https:\/\/conjunto-de-saberes.pt\/?s={search_term_string}\"},\"query-input\":\"required name=search_term_string\"}],\"inLanguage\":\"pt-PT\"},{\"@type\":\"Organization\",\"@id\":\"https:\/\/conjunto-de-saberes.pt\/#organization\",\"name\":\"Conjunto de Saberes\",\"url\":\"https:\/\/conjunto-de-saberes.pt\/\",\"logo\":{\"@type\":\"ImageObject\",\"inLanguage\":\"pt-PT\",\"@id\":\"https:\/\/conjunto-de-saberes.pt\/#\/schema\/logo\/image\/\",\"url\":\"https:\/\/conjunto-de-saberes.pt\/wp-content\/uploads\/2021\/04\/logo300.png\",\"contentUrl\":\"https:\/\/conjunto-de-saberes.pt\/wp-content\/uploads\/2021\/04\/logo300.png\",\"width\":300,\"height\":300,\"caption\":\"Conjunto de Saberes\"},\"image\":{\"@id\":\"https:\/\/conjunto-de-saberes.pt\/#\/schema\/logo\/image\/\"},\"sameAs\":[\"https:\/\/www.facebook.com\/ConjuntoDeSaberes\"]},{\"@type\":\"Person\",\"@id\":\"https:\/\/conjunto-de-saberes.pt\/#\/schema\/person\/2b4b7d19af9252be4d024dcdfb98345a\",\"name\":\"admin_ti\",\"image\":{\"@type\":\"ImageObject\",\"inLanguage\":\"pt-PT\",\"@id\":\"https:\/\/conjunto-de-saberes.pt\/#\/schema\/person\/image\/\",\"url\":\"https:\/\/conjunto-de-saberes.pt\/wp-content\/litespeed\/avatar\/509844737b3084a415cacbfd60f25d17.jpg?ver=1777500901\",\"contentUrl\":\"https:\/\/conjunto-de-saberes.pt\/wp-content\/litespeed\/avatar\/509844737b3084a415cacbfd60f25d17.jpg?ver=1777500901\",\"caption\":\"admin_ti\"},\"sameAs\":[\"https:\/\/conjuntodesaberes.tecnologiasimaginadas.com\/wp\"],\"url\":\"https:\/\/conjunto-de-saberes.pt\/index.php\/author\/admin_ti\/\"}]}<\/script>\n<!-- \/ Yoast SEO plugin. -->","yoast_head_json":{"title":"A Import\u00e2ncia de um Limpeza Profissional em Ambientes de Trabalho - Conjunto de Saberes","robots":{"index":"index","follow":"follow","max-snippet":"max-snippet:-1","max-image-preview":"max-image-preview:large","max-video-preview":"max-video-preview:-1"},"canonical":"https:\/\/conjunto-de-saberes.pt\/index.php\/2025\/04\/03\/a-importancia-de-um-limpeza-profissional-em-ambientes-de-trabalho\/","og_locale":"pt_PT","og_type":"article","og_title":"A Import\u00e2ncia de um Limpeza Profissional em Ambientes de Trabalho - Conjunto de Saberes","og_description":"Ambientes empresariais t\u00eam habitualmente uma grande circula\u00e7\u00e3o de pessoas, aumentando o risco de prolifera\u00e7\u00e3o de germes e bact\u00e9rias. Uma limpeza eficiente e regular contribui para um espa\u00e7o mais saud\u00e1vel e produtivo. Aqui ficam algumas dicas para um bom ambiente na sua empresa. \ud83c\udfe2 Redu\u00e7\u00e3o de doen\u00e7as: ambientes compartilhados podem acumular v\u00edrus e bact\u00e9rias, e ser&hellip; Continue a ler A Import\u00e2ncia de um Limpeza Profissional em Ambientes de Trabalho","og_url":"https:\/\/conjunto-de-saberes.pt\/index.php\/2025\/04\/03\/a-importancia-de-um-limpeza-profissional-em-ambientes-de-trabalho\/","og_site_name":"Conjunto de Saberes","article_publisher":"https:\/\/www.facebook.com\/ConjuntoDeSaberes","article_published_time":"2025-04-03T09:41:26+00:00","og_image":[{"width":2000,"height":2000,"url":"https:\/\/conjunto-de-saberes.pt\/wp-content\/uploads\/2025\/03\/02.jpg","type":"image\/jpeg"}],"author":"admin_ti","twitter_card":"summary_large_image","twitter_misc":{"Escrito por":"admin_ti","Tempo estimado de leitura":"2 minutos"},"schema":{"@context":"https:\/\/schema.org","@graph":[{"@type":"Article","@id":"https:\/\/conjunto-de-saberes.pt\/index.php\/2025\/04\/03\/a-importancia-de-um-limpeza-profissional-em-ambientes-de-trabalho\/#article","isPartOf":{"@id":"https:\/\/conjunto-de-saberes.pt\/index.php\/2025\/04\/03\/a-importancia-de-um-limpeza-profissional-em-ambientes-de-trabalho\/"},"author":{"name":"admin_ti","@id":"https:\/\/conjunto-de-saberes.pt\/#\/schema\/person\/2b4b7d19af9252be4d024dcdfb98345a"},"headline":"A Import\u00e2ncia de um Limpeza Profissional em Ambientes de Trabalho","datePublished":"2025-04-03T09:41:26+00:00","dateModified":"2025-04-03T09:41:26+00:00","mainEntityOfPage":{"@id":"https:\/\/conjunto-de-saberes.pt\/index.php\/2025\/04\/03\/a-importancia-de-um-limpeza-profissional-em-ambientes-de-trabalho\/"},"wordCount":171,"publisher":{"@id":"https:\/\/conjunto-de-saberes.pt\/#organization"},"articleSection":["Limpeza"],"inLanguage":"pt-PT"},{"@type":"WebPage","@id":"https:\/\/conjunto-de-saberes.pt\/index.php\/2025\/04\/03\/a-importancia-de-um-limpeza-profissional-em-ambientes-de-trabalho\/","url":"https:\/\/conjunto-de-saberes.pt\/index.php\/2025\/04\/03\/a-importancia-de-um-limpeza-profissional-em-ambientes-de-trabalho\/","name":"A Import\u00e2ncia de um Limpeza Profissional em Ambientes de Trabalho - Conjunto de Saberes","isPartOf":{"@id":"https:\/\/conjunto-de-saberes.pt\/#website"},"datePublished":"2025-04-03T09:41:26+00:00","dateModified":"2025-04-03T09:41:26+00:00","breadcrumb":{"@id":"https:\/\/conjunto-de-saberes.pt\/index.php\/2025\/04\/03\/a-importancia-de-um-limpeza-profissional-em-ambientes-de-trabalho\/#breadcrumb"},"inLanguage":"pt-PT","potentialAction":[{"@type":"ReadAction","target":["https:\/\/conjunto-de-saberes.pt\/index.php\/2025\/04\/03\/a-importancia-de-um-limpeza-profissional-em-ambientes-de-trabalho\/"]}]},{"@type":"BreadcrumbList","@id":"https:\/\/conjunto-de-saberes.pt\/index.php\/2025\/04\/03\/a-importancia-de-um-limpeza-profissional-em-ambientes-de-trabalho\/#breadcrumb","itemListElement":[{"@type":"ListItem","position":1,"name":"In\u00edcio","item":"https:\/\/conjunto-de-saberes.pt\/"},{"@type":"ListItem","position":2,"name":"A Import\u00e2ncia de um Limpeza Profissional em Ambientes de Trabalho"}]},{"@type":"WebSite","@id":"https:\/\/conjunto-de-saberes.pt\/#website","url":"https:\/\/conjunto-de-saberes.pt\/","name":"Conjunto de Saberes","description":"Empresa de Limpeza","publisher":{"@id":"https:\/\/conjunto-de-saberes.pt\/#organization"},"potentialAction":[{"@type":"SearchAction","target":{"@type":"EntryPoint","urlTemplate":"https:\/\/conjunto-de-saberes.pt\/?s={search_term_string}"},"query-input":"required name=search_term_string"}],"inLanguage":"pt-PT"},{"@type":"Organization","@id":"https:\/\/conjunto-de-saberes.pt\/#organization","name":"Conjunto de Saberes","url":"https:\/\/conjunto-de-saberes.pt\/","logo":{"@type":"ImageObject","inLanguage":"pt-PT","@id":"https:\/\/conjunto-de-saberes.pt\/#\/schema\/logo\/image\/","url":"https:\/\/conjunto-de-saberes.pt\/wp-content\/uploads\/2021\/04\/logo300.png","contentUrl":"https:\/\/conjunto-de-saberes.pt\/wp-content\/uploads\/2021\/04\/logo300.png","width":300,"height":300,"caption":"Conjunto de Saberes"},"image":{"@id":"https:\/\/conjunto-de-saberes.pt\/#\/schema\/logo\/image\/"},"sameAs":["https:\/\/www.facebook.com\/ConjuntoDeSaberes"]},{"@type":"Person","@id":"https:\/\/conjunto-de-saberes.pt\/#\/schema\/person\/2b4b7d19af9252be4d024dcdfb98345a","name":"admin_ti","image":{"@type":"ImageObject","inLanguage":"pt-PT","@id":"https:\/\/conjunto-de-saberes.pt\/#\/schema\/person\/image\/","url":"https:\/\/conjunto-de-saberes.pt\/wp-content\/litespeed\/avatar\/509844737b3084a415cacbfd60f25d17.jpg?ver=1777500901","contentUrl":"https:\/\/conjunto-de-saberes.pt\/wp-content\/litespeed\/avatar\/509844737b3084a415cacbfd60f25d17.jpg?ver=1777500901","caption":"admin_ti"},"sameAs":["https:\/\/conjuntodesaberes.tecnologiasimaginadas.com\/wp"],"url":"https:\/\/conjunto-de-saberes.pt\/index.php\/author\/admin_ti\/"}]}},"_links":{"self":[{"href":"https:\/\/conjunto-de-saberes.pt\/index.php\/wp-json\/wp\/v2\/posts\/2164","targetHints":{"allow":["GET"]}}],"collection":[{"href":"https:\/\/conjunto-de-saberes.pt\/index.php\/wp-json\/wp\/v2\/posts"}],"about":[{"href":"https:\/\/conjunto-de-saberes.pt\/index.php\/wp-json\/wp\/v2\/types\/post"}],"author":[{"embeddable":true,"href":"https:\/\/conjunto-de-saberes.pt\/index.php\/wp-json\/wp\/v2\/users\/1"}],"replies":[{"embeddable":true,"href":"https:\/\/conjunto-de-saberes.pt\/index.php\/wp-json\/wp\/v2\/comments?post=2164"}],"version-history":[{"count":2,"href":"https:\/\/conjunto-de-saberes.pt\/index.php\/wp-json\/wp\/v2\/posts\/2164\/revisions"}],"predecessor-version":[{"id":2166,"href":"https:\/\/conjunto-de-saberes.pt\/index.php\/wp-json\/wp\/v2\/posts\/2164\/revisions\/2166"}],"wp:featuredmedia":[{"embeddable":true,"href":"https:\/\/conjunto-de-saberes.pt\/index.php\/wp-json\/wp\/v2\/media\/2152"}],"wp:attachment":[{"href":"https:\/\/conjunto-de-saberes.pt\/index.php\/wp-json\/wp\/v2\/media?parent=2164"}],"wp:term":[{"taxonomy":"category","embeddable":true,"href":"https:\/\/conjunto-de-saberes.pt\/index.php\/wp-json\/wp\/v2\/categories?post=2164"},{"taxonomy":"post_tag","embeddable":true,"href":"https:\/\/conjunto-de-saberes.pt\/index.php\/wp-json\/wp\/v2\/tags?post=2164"}],"curies":[{"name":"wp","href":"https:\/\/api.w.org\/{rel}","templated":true}]}}